{"id":2824,"date":"2026-01-17T18:25:32","date_gmt":"2026-01-17T17:25:32","guid":{"rendered":"https:\/\/paroisse-stgermain.fr\/?p=2824"},"modified":"2026-01-25T09:10:53","modified_gmt":"2026-01-25T08:10:53","slug":"2eme-dimanche-du-temps-ordinaire-annee-a","status":"publish","type":"post","link":"https:\/\/paroisse-stgermain.fr\/?p=2824","title":{"rendered":"2\u00e8me dimanche du temps ordinaire \u2013 Ann\u00e9e A"},"content":{"rendered":"\n<p><strong>2\u00e8me dimanche du temps ordinaire \u2013 Ann\u00e9e A<\/strong><\/p>\n\n\n\n<p><strong>Dimanche 18 Janvier 2026 \u2013 11H00<\/strong><\/p>\n\n\n\n<p><em><strong>\u00ab Voici l\u2019Agneau de Dieu, qui enl\u00e8ve le p\u00e9ch\u00e9 du monde \u00bb<\/strong><\/em><\/p>\n\n\n\n<p><strong>\u00c9vangile de J\u00e9sus-Christ selon saint Jean (Jn 1, 29-34)<\/strong><\/p>\n\n\n\n<p>01 AU COMMENCEMENT \u00e9tait le Verbe, et le Verbe \u00e9tait aupr\u00e8s de Dieu, et le Verbe \u00e9tait Dieu.<\/p>\n\n\n\n<p>02 Il \u00e9tait au commencement aupr\u00e8s de Dieu.<\/p>\n\n\n\n<p>03 C\u2019est par lui que tout est venu \u00e0 l\u2019existence, et rien de ce qui s\u2019est fait ne s\u2019est fait sans lui.<\/p>\n\n\n\n<p>04 En lui \u00e9tait la vie, et la vie \u00e9tait la lumi\u00e8re des hommes ;<\/p>\n\n\n\n<p>05 la lumi\u00e8re brille dans les t\u00e9n\u00e8bres, et les t\u00e9n\u00e8bres ne l\u2019ont pas arr\u00eat\u00e9e.<\/p>\n\n\n\n<p>06 Il y eut un homme envoy\u00e9 par Dieu ; son nom \u00e9tait Jean.<\/p>\n\n\n\n<p>07 Il est venu comme t\u00e9moin, pour rendre t\u00e9moignage \u00e0 la Lumi\u00e8re, afin que tous croient par lui.<\/p>\n\n\n\n<p>08 Cet homme n\u2019\u00e9tait pas la Lumi\u00e8re, mais il \u00e9tait l\u00e0 pour rendre t\u00e9moignage \u00e0 la Lumi\u00e8re.<\/p>\n\n\n\n<p>09 Le Verbe \u00e9tait la vraie Lumi\u00e8re, qui \u00e9claire tout homme en venant dans le monde.<\/p>\n\n\n\n<p>10 Il \u00e9tait dans le monde, et le monde \u00e9tait venu par lui \u00e0 l\u2019existence, mais le monde ne l\u2019a pas reconnu.<\/p>\n\n\n\n<p>11 Il est venu chez lui, et les siens ne l\u2019ont pas re\u00e7u.<\/p>\n\n\n\n<p>12 Mais \u00e0 tous ceux qui l\u2019ont re\u00e7u, il a donn\u00e9 de pouvoir devenir enfants de Dieu, eux qui croient en son nom.<\/p>\n\n\n\n<p>13 Ils ne sont pas n\u00e9s du sang, ni d\u2019une volont\u00e9 charnelle, ni d\u2019une volont\u00e9 d\u2019homme : ils sont n\u00e9s de Dieu.<\/p>\n\n\n\n<p>14 Et le Verbe s\u2019est fait chair, il a habit\u00e9 parmi nous, et nous avons vu sa gloire, la gloire qu\u2019il tient de son P\u00e8re comme Fils unique, plein de gr\u00e2ce et de v\u00e9rit\u00e9.<\/p>\n\n\n\n<p>15 Jean le Baptiste lui rend t\u00e9moignage en proclamant : \u00ab C\u2019est de lui que j\u2019ai dit : Celui qui vient derri\u00e8re moi est pass\u00e9 devant moi, car avant moi il \u00e9tait. \u00bb<\/p>\n\n\n\n<p>16 Tous nous avons eu part \u00e0 sa pl\u00e9nitude, nous avons re\u00e7u gr\u00e2ce apr\u00e8s gr\u00e2ce ;<\/p>\n\n\n\n<p>17 car la Loi fut donn\u00e9e par Mo\u00efse, la gr\u00e2ce et la v\u00e9rit\u00e9 sont venues par J\u00e9sus Christ.<\/p>\n\n\n\n<p>18 Dieu, personne ne l\u2019a jamais vu ; le Fils unique, lui qui est Dieu, lui qui est dans le sein du P\u00e8re, c\u2019est lui qui l\u2019a fait conna\u00eetre.<\/p>\n\n\n\n<p>19 Voici le t\u00e9moignage de Jean, quand les Juifs lui envoy\u00e8rent de J\u00e9rusalem des pr\u00eatres et des l\u00e9vites pour lui demander : \u00ab Qui es-tu ? \u00bb<\/p>\n\n\n\n<p>20 Il ne refusa pas de r\u00e9pondre, il d\u00e9clara ouvertement : \u00ab Je ne suis pas le Christ. \u00bb<\/p>\n\n\n\n<p>21 Ils lui demand\u00e8rent : \u00ab Alors qu\u2019en est-il ? Es-tu le proph\u00e8te \u00c9lie ? \u00bb Il r\u00e9pondit : \u00ab Je ne le suis pas. \u2013 Es-tu le Proph\u00e8te annonc\u00e9 ? \u00bb Il r\u00e9pondit : \u00ab Non. \u00bb<\/p>\n\n\n\n<p>22 Alors ils lui dirent : \u00ab Qui es-tu ? Il faut que nous donnions une r\u00e9ponse \u00e0 ceux qui nous ont envoy\u00e9s. Que dis-tu sur toi-m\u00eame ? \u00bb<\/p>\n\n\n\n<p>23 Il r\u00e9pondit : \u00ab Je suis la voix de celui qui crie dans le d\u00e9sert : Redressez le chemin du Seigneur, comme a dit le proph\u00e8te Isa\u00efe. \u00bb<\/p>\n\n\n\n<p>24 Or, ils avaient \u00e9t\u00e9 envoy\u00e9s de la part des pharisiens.<\/p>\n\n\n\n<p>25 Ils lui pos\u00e8rent encore cette question : \u00ab Pourquoi donc baptises-tu, si tu n\u2019es ni le Christ, ni \u00c9lie, ni le Proph\u00e8te ? \u00bb<\/p>\n\n\n\n<p>26 Jean leur r\u00e9pondit : \u00ab Moi, je baptise dans l\u2019eau. Mais au milieu de vous se tient celui que vous ne connaissez pas ;<\/p>\n\n\n\n<p>27 c\u2019est lui qui vient derri\u00e8re moi, et je ne suis pas digne de d\u00e9lier la courroie de sa sandale. \u00bb<\/p>\n\n\n\n<p>28 Cela s\u2019est pass\u00e9 \u00e0 B\u00e9thanie, de l\u2019autre c\u00f4t\u00e9 du Jourdain, \u00e0 l\u2019endroit o\u00f9 Jean baptisait.<\/p>\n\n\n\n<p><strong>29 Le lendemain, voyant J\u00e9sus venir vers lui, Jean d\u00e9clara : \u00ab Voici l\u2019Agneau de Dieu, qui enl\u00e8ve le p\u00e9ch\u00e9 du monde ;<\/strong><\/p>\n\n\n\n<p><strong>30 c\u2019est de lui que j\u2019ai dit : L\u2019homme qui vient derri\u00e8re moi est pass\u00e9 devant moi, car avant moi il \u00e9tait.<\/strong><\/p>\n\n\n\n<p><strong>31 Et moi, je ne le connaissais pas ; mais, si je suis venu baptiser dans l\u2019eau, c\u2019est pour qu\u2019il soit manifest\u00e9 \u00e0 Isra\u00ebl. \u00bb<\/strong><\/p>\n\n\n\n<p><strong>32 Alors Jean rendit ce t\u00e9moignage : \u00ab J\u2019ai vu l\u2019Esprit descendre du ciel comme une colombe et il demeura sur lui.<\/strong><\/p>\n\n\n\n<p><strong>33 Et moi, je ne le connaissais pas, mais celui qui m\u2019a envoy\u00e9 baptiser dans l\u2019eau m\u2019a dit : \u201cCelui sur qui tu verras l\u2019Esprit descendre et demeurer, celui-l\u00e0 baptise dans l\u2019Esprit Saint.\u201d<\/strong><\/p>\n\n\n\n<p><strong>34 Moi, j\u2019ai vu, et je rends t\u00e9moignage : c\u2019est lui le Fils de Dieu. \u00bb<\/strong><\/p>\n\n\n\n<p>35 Le lendemain encore, Jean se trouvait l\u00e0 avec deux de ses disciples.<\/p>\n\n\n\n<p>36 Posant son regard sur J\u00e9sus qui allait et venait, il dit : \u00ab Voici l\u2019Agneau de Dieu. \u00bb<\/p>\n\n\n\n<p>37 Les deux disciples entendirent ce qu\u2019il disait, et ils suivirent J\u00e9sus.<\/p>\n\n\n\n<p>38 Se retournant, J\u00e9sus vit qu\u2019ils le suivaient, et leur dit : \u00ab Que cherchez-vous ? \u00bb Ils lui r\u00e9pondirent : \u00ab Rabbi \u2013 ce qui veut dire : Ma\u00eetre \u2013, o\u00f9 demeures-tu ? \u00bb<\/p>\n\n\n\n<p>39 Il leur dit : \u00ab Venez, et vous verrez. \u00bb Ils all\u00e8rent donc, ils virent o\u00f9 il demeurait, et ils rest\u00e8rent aupr\u00e8s de lui ce jour-l\u00e0. C\u2019\u00e9tait vers la dixi\u00e8me heure (environ quatre heures de l\u2019apr\u00e8s-midi).<\/p>\n\n\n\n<p>40 Andr\u00e9, le fr\u00e8re de Simon-Pierre, \u00e9tait l\u2019un des deux disciples qui avaient entendu la parole de Jean et qui avaient suivi J\u00e9sus.<\/p>\n\n\n\n<p>41 Il trouve d\u2019abord Simon, son propre fr\u00e8re, et lui dit : \u00ab Nous avons trouv\u00e9 le Messie \u00bb \u2013 ce qui veut dire : Christ.<\/p>\n\n\n\n<p>42 Andr\u00e9 amena son fr\u00e8re \u00e0 J\u00e9sus. J\u00e9sus posa son regard sur lui et dit : \u00ab Tu es Simon, fils de Jean ; tu t\u2019appelleras K\u00e8phas \u00bb \u2013 ce qui veut dire : Pierre.<\/p>\n\n\n\n<p>43 Le lendemain, J\u00e9sus d\u00e9cida de partir pour la Galil\u00e9e. Il trouve Philippe, et lui dit : \u00ab Suis-moi. \u00bb<\/p>\n\n\n\n<p>44 Philippe \u00e9tait de Bethsa\u00efde, le village d\u2019Andr\u00e9 et de Pierre.<\/p>\n\n\n\n<p>45 Philippe trouve Nathana\u00ebl et lui dit : \u00ab Celui dont il est \u00e9crit dans la loi de Mo\u00efse et chez les Proph\u00e8tes, nous l\u2019avons trouv\u00e9 : c\u2019est J\u00e9sus fils de Joseph, de Nazareth. \u00bb<\/p>\n\n\n\n<p>46 Nathana\u00ebl r\u00e9pliqua : \u00ab De Nazareth peut-il sortir quelque chose de bon ? \u00bb Philippe r\u00e9pond : \u00ab Viens, et vois. \u00bb<\/p>\n\n\n\n<p>47 Lorsque J\u00e9sus voit Nathana\u00ebl venir \u00e0 lui, il d\u00e9clare \u00e0 son sujet : \u00ab Voici vraiment un Isra\u00e9lite : il n\u2019y a pas de ruse en lui. \u00bb<\/p>\n\n\n\n<p>48 Nathana\u00ebl lui demande : \u00ab D\u2019o\u00f9 me connais-tu ? \u00bb J\u00e9sus lui r\u00e9pond : \u00ab Avant que Philippe t\u2019appelle, quand tu \u00e9tais sous le figuier, je t\u2019ai vu. \u00bb<\/p>\n\n\n\n<p>49 Nathana\u00ebl lui dit : \u00ab Rabbi, c\u2019est toi le Fils de Dieu ! C\u2019est toi le roi d\u2019Isra\u00ebl ! \u00bb<\/p>\n\n\n\n<p>50 J\u00e9sus reprend : \u00ab Je te dis que je t\u2019ai vu sous le figuier, et c\u2019est pour cela que tu crois ! Tu verras des choses plus grandes encore. \u00bb<\/p>\n\n\n\n<p>51 Et il ajoute : \u00ab Amen, amen, je vous le dis : vous verrez le ciel ouvert, et les anges de Dieu monter et descendre au-dessus du Fils de l\u2019homme. \u00bb<\/p>\n\n\n\n<p><strong>D\u00e9roul\u00e9 de la messe<\/strong><\/p>\n\n\n\n<figure class=\"wp-block-image\"><a href=\"https:\/\/drive.google.com\/file\/d\/12jGcvrciDCZjz6_xXVXUTQuZGxM8hXUR\/view?usp=sharing\" target=\"_blank\" rel=\"noreferrer noopener\"><img decoding=\"async\" src=\"https:\/\/paroisse-stgermain.fr\/wp-content\/uploads\/2026\/01\/Messe20260118-1-210x300.jpg\" alt=\"\" class=\"wp-image-2821\"\/><\/a><\/figure>\n\n\n\n<p><\/p>\n","protected":false},"excerpt":{"rendered":"<p>2\u00e8me dimanche du temps ordinaire \u2013 Ann\u00e9e A Dimanche 18 Janvier 2026 \u2013 11H00 \u00ab Voici l\u2019Agneau de Dieu, qui enl\u00e8ve le p\u00e9ch\u00e9 du monde \u00bb \u00c9vangile de J\u00e9sus-Christ selon saint Jean (Jn 1, 29-34) 01 AU COMMENCEMENT \u00e9tait le Verbe, et le Verbe \u00e9tait aupr\u00e8s de Dieu, et le Verbe \u00e9tait Dieu. 02 Il \u00e9tait au commencement aupr\u00e8s de Dieu. 03 C\u2019est par lui que tout est venu \u00e0 l\u2019existence, et rien de ce qui s\u2019est fait ne s\u2019est fait sans lui. 04 En lui \u00e9tait la vie, et la vie \u00e9tait la lumi\u00e8re des hommes ; 05 la&#8230; <\/p>\n","protected":false},"author":5,"featured_media":0,"comment_status":"closed","ping_status":"closed","sticky":false,"template":"","format":"standard","meta":{"footnotes":""},"categories":[5,3],"tags":[],"class_list":["post-2824","post","type-post","status-publish","format-standard","hentry","category-actualite","category-evenement"],"_links":{"self":[{"href":"https:\/\/paroisse-stgermain.fr\/index.php?rest_route=\/wp\/v2\/posts\/2824","targetHints":{"allow":["GET"]}}],"collection":[{"href":"https:\/\/paroisse-stgermain.fr\/index.php?rest_route=\/wp\/v2\/posts"}],"about":[{"href":"https:\/\/paroisse-stgermain.fr\/index.php?rest_route=\/wp\/v2\/types\/post"}],"author":[{"embeddable":true,"href":"https:\/\/paroisse-stgermain.fr\/index.php?rest_route=\/wp\/v2\/users\/5"}],"replies":[{"embeddable":true,"href":"https:\/\/paroisse-stgermain.fr\/index.php?rest_route=%2Fwp%2Fv2%2Fcomments&post=2824"}],"version-history":[{"count":1,"href":"https:\/\/paroisse-stgermain.fr\/index.php?rest_route=\/wp\/v2\/posts\/2824\/revisions"}],"predecessor-version":[{"id":2826,"href":"https:\/\/paroisse-stgermain.fr\/index.php?rest_route=\/wp\/v2\/posts\/2824\/revisions\/2826"}],"wp:attachment":[{"href":"https:\/\/paroisse-stgermain.fr\/index.php?rest_route=%2Fwp%2Fv2%2Fmedia&parent=2824"}],"wp:term":[{"taxonomy":"category","embeddable":true,"href":"https:\/\/paroisse-stgermain.fr\/index.php?rest_route=%2Fwp%2Fv2%2Fcategories&post=2824"},{"taxonomy":"post_tag","embeddable":true,"href":"https:\/\/paroisse-stgermain.fr\/index.php?rest_route=%2Fwp%2Fv2%2Ftags&post=2824"}],"curies":[{"name":"wp","href":"https:\/\/api.w.org\/{rel}","templated":true}]}}