{"id":2891,"date":"2026-03-13T21:15:29","date_gmt":"2026-03-13T20:15:29","guid":{"rendered":"https:\/\/paroisse-stgermain.fr\/?p=2891"},"modified":"2026-03-13T21:15:29","modified_gmt":"2026-03-13T20:15:29","slug":"4eme-dimanche-de-careme-annee-a","status":"publish","type":"post","link":"https:\/\/paroisse-stgermain.fr\/?p=2891","title":{"rendered":"4\u00e8me dimanche de car\u00eame \u2013 Ann\u00e9e A"},"content":{"rendered":"\n<p><strong>4\u00e8me dimanche de car\u00eame \u2013 Ann\u00e9e A<\/strong><br><em><strong>\u00ab Il s\u2019en alla et se lava ; quand il revint, il voyait \u00bb<\/strong><\/em><\/p>\n\n\n\n<p><strong>Dimanche 15 Mars 2026 \u2013 11H00<\/strong><\/p>\n\n\n\n<p><strong>Evangile de J\u00e9sus-Christ selon saint Jean (Jn 9, 1-41)<\/strong><\/p>\n\n\n\n<p>01 En passant, J\u00e9sus vit un homme aveugle de naissance.<\/p>\n\n\n\n<p>02 Ses disciples l\u2019interrog\u00e8rent : \u00ab Rabbi, qui a p\u00e9ch\u00e9, lui ou ses parents, pour qu\u2019il soit n\u00e9 aveugle ? \u00bb<\/p>\n\n\n\n<p>03 J\u00e9sus r\u00e9pondit : \u00ab Ni lui, ni ses parents n\u2019ont p\u00e9ch\u00e9. Mais c\u2019\u00e9tait pour que les \u0153uvres de Dieu se manifestent en lui.<\/p>\n\n\n\n<p>04 Il nous faut travailler aux \u0153uvres de Celui qui m\u2019a envoy\u00e9, tant qu\u2019il fait jour ; la nuit vient o\u00f9 personne ne pourra plus y travailler.<\/p>\n\n\n\n<p>05 Aussi longtemps que je suis dans le monde, je suis la lumi\u00e8re du monde. \u00bb<\/p>\n\n\n\n<p>06 Cela dit, il cracha \u00e0 terre et, avec la salive, il fit de la boue ; puis il appliqua la boue sur les yeux de l\u2019aveugle,<\/p>\n\n\n\n<p>07 et lui dit : \u00ab Va te laver \u00e0 la piscine de Silo\u00e9 \u00bb \u2013 ce nom se traduit : Envoy\u00e9. L\u2019aveugle y alla donc, et il se lava ; quand il revint, il voyait.<\/p>\n\n\n\n<p>08 Ses voisins, et ceux qui l\u2019avaient observ\u00e9 auparavant \u2013 car il \u00e9tait mendiant \u2013 dirent alors : \u00ab N\u2019est-ce pas celui qui se tenait l\u00e0 pour mendier ? \u00bb<\/p>\n\n\n\n<p>09 Les uns disaient : \u00ab C\u2019est lui. \u00bb Les autres disaient : \u00ab Pas du tout, c\u2019est quelqu\u2019un qui lui ressemble. \u00bb Mais lui disait : \u00ab C\u2019est bien moi. \u00bb<\/p>\n\n\n\n<p>10 Et on lui demandait : \u00ab Alors, comment tes yeux se sont-ils ouverts ? \u00bb<\/p>\n\n\n\n<p>11 Il r\u00e9pondit : \u00ab L\u2019homme qu\u2019on appelle J\u00e9sus a fait de la boue, il me l\u2019a appliqu\u00e9e sur les yeux et il m\u2019a dit : \u201cVa \u00e0 Silo\u00e9 et lave-toi.\u201d J\u2019y suis donc all\u00e9 et je me suis lav\u00e9 ; alors, j\u2019ai vu. \u00bb<\/p>\n\n\n\n<p>12 Ils lui dirent : \u00ab Et lui, o\u00f9 est-il ? \u00bb Il r\u00e9pondit : \u00ab Je ne sais pas. \u00bb<\/p>\n\n\n\n<p>13 On l\u2019am\u00e8ne aux pharisiens, lui, l\u2019ancien aveugle.<\/p>\n\n\n\n<p>14 Or, c\u2019\u00e9tait un jour de sabbat que J\u00e9sus avait fait de la boue et lui avait ouvert les yeux.<\/p>\n\n\n\n<p>15 \u00c0 leur tour, les pharisiens lui demandaient comment il pouvait voir. Il leur r\u00e9pondit : \u00ab Il m\u2019a mis de la boue sur les yeux, je me suis lav\u00e9, et je vois. \u00bb<\/p>\n\n\n\n<p>16 Parmi les pharisiens, certains disaient : \u00ab Cet homme-l\u00e0 n\u2019est pas de Dieu, puisqu\u2019il n\u2019observe pas le repos du sabbat. \u00bb D\u2019autres disaient : \u00ab Comment un homme p\u00e9cheur peut-il accomplir des signes pareils ? \u00bb Ainsi donc ils \u00e9taient divis\u00e9s.<\/p>\n\n\n\n<p>17 Alors ils s\u2019adressent de nouveau \u00e0 l\u2019aveugle : \u00ab Et toi, que dis-tu de lui, puisqu\u2019il t\u2019a ouvert les yeux ? \u00bb Il dit : \u00ab C\u2019est un proph\u00e8te. \u00bb<\/p>\n\n\n\n<p>18 Or, les Juifs ne voulaient pas croire que cet homme avait \u00e9t\u00e9 aveugle et que maintenant il pouvait voir. C\u2019est pourquoi ils convoqu\u00e8rent ses parents<\/p>\n\n\n\n<p>19 et leur demand\u00e8rent : \u00ab Cet homme est bien votre fils, et vous dites qu\u2019il est n\u00e9 aveugle ? Comment se fait-il qu\u2019\u00e0 pr\u00e9sent il voie ? \u00bb<\/p>\n\n\n\n<p>20 Les parents r\u00e9pondirent : \u00ab Nous savons bien que c\u2019est notre fils, et qu\u2019il est n\u00e9 aveugle.<\/p>\n\n\n\n<p>21 Mais comment peut-il voir maintenant, nous ne le savons pas ; et qui lui a ouvert les yeux, nous ne le savons pas non plus. Interrogez-le, il est assez grand pour s\u2019expliquer. \u00bb<\/p>\n\n\n\n<p>22 Ses parents parlaient ainsi parce qu\u2019ils avaient peur des Juifs. En effet, ceux-ci s\u2019\u00e9taient d\u00e9j\u00e0 mis d\u2019accord pour exclure de leurs assembl\u00e9es tous ceux qui d\u00e9clareraient publiquement que J\u00e9sus est le Christ.<\/p>\n\n\n\n<p>23 Voil\u00e0 pourquoi les parents avaient dit : \u00ab Il est assez grand, interrogez-le ! \u00bb<\/p>\n\n\n\n<p>24 Pour la seconde fois, les pharisiens convoqu\u00e8rent l\u2019homme qui avait \u00e9t\u00e9 aveugle, et ils lui dirent : \u00ab Rends gloire \u00e0 Dieu ! Nous savons, nous, que cet homme est un p\u00e9cheur. \u00bb<\/p>\n\n\n\n<p>25 Il r\u00e9pondit : \u00ab Est-ce un p\u00e9cheur ? Je n\u2019en sais rien. Mais il y a une chose que je sais : j\u2019\u00e9tais aveugle, et \u00e0 pr\u00e9sent je vois. \u00bb<\/p>\n\n\n\n<p>26 Ils lui dirent alors : \u00ab Comment a-t-il fait pour t\u2019ouvrir les yeux ? \u00bb<\/p>\n\n\n\n<p>27 Il leur r\u00e9pondit : \u00ab Je vous l\u2019ai d\u00e9j\u00e0 dit, et vous n\u2019avez pas \u00e9cout\u00e9. Pourquoi voulez-vous m\u2019entendre encore une fois ? Serait-ce que vous voulez, vous aussi, devenir ses disciples ? \u00bb<\/p>\n\n\n\n<p>28 Ils se mirent \u00e0 l\u2019injurier : \u00ab C\u2019est toi qui es son disciple ; nous, c\u2019est de Mo\u00efse que nous sommes les disciples.<\/p>\n\n\n\n<p>29 Nous savons que Dieu a parl\u00e9 \u00e0 Mo\u00efse ; mais celui-l\u00e0, nous ne savons pas d\u2019o\u00f9 il est. \u00bb<\/p>\n\n\n\n<p>30 L\u2019homme leur r\u00e9pondit : \u00ab Voil\u00e0 bien ce qui est \u00e9tonnant ! Vous ne savez pas d\u2019o\u00f9 il est, et pourtant il m\u2019a ouvert les yeux.<\/p>\n\n\n\n<p>31 Dieu, nous le savons, n\u2019exauce pas les p\u00e9cheurs, mais si quelqu\u2019un l\u2019honore et fait sa volont\u00e9, il l\u2019exauce.<\/p>\n\n\n\n<p>32 Jamais encore on n\u2019avait entendu dire que quelqu\u2019un ait ouvert les yeux \u00e0 un aveugle de naissance.<\/p>\n\n\n\n<p>33 Si lui n\u2019\u00e9tait pas de Dieu, il ne pourrait rien faire. \u00bb<\/p>\n\n\n\n<p>34 Ils r\u00e9pliqu\u00e8rent : \u00ab Tu es tout entier dans le p\u00e9ch\u00e9 depuis ta naissance, et tu nous fais la le\u00e7on ? \u00bb Et ils le jet\u00e8rent dehors.<\/p>\n\n\n\n<p>35 J\u00e9sus apprit qu\u2019ils l\u2019avaient jet\u00e9 dehors. Il le retrouva et lui dit : \u00ab Crois-tu au Fils de l\u2019homme ? \u00bb<\/p>\n\n\n\n<p>36 Il r\u00e9pondit : \u00ab Et qui est-il, Seigneur, pour que je croie en lui ? \u00bb<\/p>\n\n\n\n<p>37 J\u00e9sus lui dit : \u00ab Tu le vois, et c\u2019est lui qui te parle. \u00bb<\/p>\n\n\n\n<p>38 Il dit : \u00ab Je crois, Seigneur ! \u00bb Et il se prosterna devant lui.<\/p>\n\n\n\n<p>39 J\u00e9sus dit alors : \u00ab Je suis venu en ce monde pour rendre un jugement : que ceux qui ne voient pas puissent voir, et que ceux qui voient deviennent aveugles. \u00bb<\/p>\n\n\n\n<p>40 Parmi les pharisiens, ceux qui \u00e9taient avec lui entendirent ces paroles et lui dirent : \u00ab Serions-nous aveugles, nous aussi ? \u00bb<\/p>\n\n\n\n<p>41 J\u00e9sus leur r\u00e9pondit : \u00ab Si vous \u00e9tiez aveugles, vous n\u2019auriez pas de p\u00e9ch\u00e9 ; mais du moment que vous dites : \u201cNous voyons !\u201d, votre p\u00e9ch\u00e9 demeure.<\/p>\n\n\n\n<p><strong>D\u00e9roul\u00e9 de la messe<\/strong><\/p>\n\n\n\n<figure class=\"wp-block-image\"><a href=\"https:\/\/drive.google.com\/file\/d\/1krfURA0Uj56ar6fURSCai5zYl08dqsTK\/view?usp=drive_link\" target=\"_blank\" rel=\"noreferrer noopener\"><img loading=\"lazy\" decoding=\"async\" width=\"241\" height=\"300\" src=\"https:\/\/paroisse-stgermain.fr\/wp-content\/uploads\/2026\/03\/Messe20260315-241x300.jpg\" alt=\"\" class=\"wp-image-2888\" srcset=\"https:\/\/paroisse-stgermain.fr\/wp-content\/uploads\/2026\/03\/Messe20260315-241x300.jpg 241w, https:\/\/paroisse-stgermain.fr\/wp-content\/uploads\/2026\/03\/Messe20260315.jpg 491w\" sizes=\"auto, (max-width: 241px) 100vw, 241px\" \/><\/a><\/figure>\n","protected":false},"excerpt":{"rendered":"<p>4\u00e8me dimanche de car\u00eame \u2013 Ann\u00e9e A\u00ab Il s\u2019en alla et se lava ; quand il revint, il voyait \u00bb Dimanche 15 Mars 2026 \u2013 11H00 Evangile de J\u00e9sus-Christ selon saint Jean (Jn 9, 1-41) 01 En passant, J\u00e9sus vit un homme aveugle de naissance. 02 Ses disciples l\u2019interrog\u00e8rent : \u00ab Rabbi, qui a p\u00e9ch\u00e9, lui ou ses parents, pour qu\u2019il soit n\u00e9 aveugle ? \u00bb 03 J\u00e9sus r\u00e9pondit : \u00ab Ni lui, ni ses parents n\u2019ont p\u00e9ch\u00e9. Mais c\u2019\u00e9tait pour que les \u0153uvres de Dieu se manifestent en lui. 04 Il nous faut travailler aux \u0153uvres de Celui qui&#8230; <\/p>\n","protected":false},"author":5,"featured_media":2889,"comment_status":"closed","ping_status":"","sticky":false,"template":"","format":"standard","meta":{"footnotes":""},"categories":[5,3],"tags":[],"class_list":["post-2891","post","type-post","status-publish","format-standard","has-post-thumbnail","hentry","category-actualite","category-evenement"],"_links":{"self":[{"href":"https:\/\/paroisse-stgermain.fr\/index.php?rest_route=\/wp\/v2\/posts\/2891","targetHints":{"allow":["GET"]}}],"collection":[{"href":"https:\/\/paroisse-stgermain.fr\/index.php?rest_route=\/wp\/v2\/posts"}],"about":[{"href":"https:\/\/paroisse-stgermain.fr\/index.php?rest_route=\/wp\/v2\/types\/post"}],"author":[{"embeddable":true,"href":"https:\/\/paroisse-stgermain.fr\/index.php?rest_route=\/wp\/v2\/users\/5"}],"replies":[{"embeddable":true,"href":"https:\/\/paroisse-stgermain.fr\/index.php?rest_route=%2Fwp%2Fv2%2Fcomments&post=2891"}],"version-history":[{"count":1,"href":"https:\/\/paroisse-stgermain.fr\/index.php?rest_route=\/wp\/v2\/posts\/2891\/revisions"}],"predecessor-version":[{"id":2892,"href":"https:\/\/paroisse-stgermain.fr\/index.php?rest_route=\/wp\/v2\/posts\/2891\/revisions\/2892"}],"wp:featuredmedia":[{"embeddable":true,"href":"https:\/\/paroisse-stgermain.fr\/index.php?rest_route=\/wp\/v2\/media\/2889"}],"wp:attachment":[{"href":"https:\/\/paroisse-stgermain.fr\/index.php?rest_route=%2Fwp%2Fv2%2Fmedia&parent=2891"}],"wp:term":[{"taxonomy":"category","embeddable":true,"href":"https:\/\/paroisse-stgermain.fr\/index.php?rest_route=%2Fwp%2Fv2%2Fcategories&post=2891"},{"taxonomy":"post_tag","embeddable":true,"href":"https:\/\/paroisse-stgermain.fr\/index.php?rest_route=%2Fwp%2Fv2%2Ftags&post=2891"}],"curies":[{"name":"wp","href":"https:\/\/api.w.org\/{rel}","templated":true}]}}