{"id":2930,"date":"2026-04-25T21:46:29","date_gmt":"2026-04-25T19:46:29","guid":{"rendered":"https:\/\/paroisse-stgermain.fr\/?p=2930"},"modified":"2026-04-25T21:46:29","modified_gmt":"2026-04-25T19:46:29","slug":"4eme-dimanche-de-paques-annee-a","status":"publish","type":"post","link":"https:\/\/paroisse-stgermain.fr\/?p=2930","title":{"rendered":"4\u00e8me dimanche de P\u00e2ques \u2013 Ann\u00e9e A"},"content":{"rendered":"\n<p><strong>4\u00e8me dimanche de P\u00e2ques \u2013 Ann\u00e9e A<\/strong><\/p>\n\n\n\n<p><strong>Dimanche 26 avril 2026 \u2013 11H00<\/strong><\/p>\n\n\n\n<p><strong>Evangile de J\u00e9sus Christ selon Saint Jean (10, 1-10)<br>\u00ab <em>Je suis la porte des brebis<\/em> \u00bb<\/strong><\/p>\n\n\n\n<p><strong>01&nbsp;\u00ab&nbsp;Amen, amen, je vous le dis&nbsp;: celui qui entre dans l\u2019enclos des brebis sans passer par la porte, mais qui escalade par un autre endroit, celui-l\u00e0 est un voleur et un bandit.<\/strong><\/p>\n\n\n\n<p><strong>02&nbsp;Celui qui entre par la porte, c\u2019est le pasteur, le berger des brebis.<\/strong><\/p>\n\n\n\n<p><strong>03&nbsp;Le portier lui ouvre, et les brebis \u00e9coutent sa voix. Ses brebis \u00e0 lui, il les appelle chacune par son nom, et il les fait sortir.<\/strong><\/p>\n\n\n\n<p><strong>04&nbsp;Quand il a pouss\u00e9 dehors toutes les siennes, il marche \u00e0 leur t\u00eate, et les brebis le suivent, car elles connaissent sa voix.<\/strong><\/p>\n\n\n\n<p><strong>05&nbsp;Jamais elles ne suivront un \u00e9tranger, mais elles s\u2019enfuiront loin de lui, car elles ne connaissent pas la voix des \u00e9trangers.&nbsp;\u00bb<\/strong><\/p>\n\n\n\n<p><strong>06&nbsp;J\u00e9sus employa cette image pour s\u2019adresser \u00e0 eux, mais eux ne comprirent pas de quoi il leur parlait.<\/strong><\/p>\n\n\n\n<p><strong>07&nbsp;C\u2019est pourquoi J\u00e9sus reprit la parole&nbsp;: \u00ab&nbsp;Amen, amen, je vous le dis&nbsp;: Moi, je suis la porte des brebis.<\/strong><\/p>\n\n\n\n<p><strong>08&nbsp;Tous ceux qui sont venus avant moi sont des voleurs et des bandits&nbsp;; mais les brebis ne les ont pas \u00e9cout\u00e9s.<\/strong><\/p>\n\n\n\n<p><strong>09&nbsp;Moi, je suis la porte. Si quelqu\u2019un entre en passant par moi, il sera sauv\u00e9&nbsp;; il pourra entrer&nbsp;; il pourra sortir et trouver un p\u00e2turage.<\/strong><\/p>\n\n\n\n<p><strong>10&nbsp;Le voleur ne vient que pour voler, \u00e9gorger, faire p\u00e9rir. Moi, je suis venu pour que les brebis aient la vie, la vie en abondance.<\/strong><\/p>\n\n\n\n<p>11&nbsp;Moi, je suis le bon pasteur, le vrai berger, qui donne sa vie pour ses brebis.<\/p>\n\n\n\n<p>12&nbsp;Le berger mercenaire n\u2019est pas le pasteur, les brebis ne sont pas \u00e0 lui&nbsp;: s\u2019il voit venir le loup, il abandonne les brebis et s\u2019enfuit&nbsp;; le loup s\u2019en empare et les disperse.<\/p>\n\n\n\n<p>13&nbsp;Ce berger n\u2019est qu\u2019un mercenaire, et les brebis ne comptent pas vraiment pour lui.<\/p>\n\n\n\n<p>14&nbsp;Moi, je suis le bon pasteur&nbsp;; je connais mes brebis, et mes brebis me connaissent,<\/p>\n\n\n\n<p>15&nbsp;comme le P\u00e8re me conna\u00eet, et que je connais le P\u00e8re&nbsp;; et je donne ma vie pour mes brebis.<\/p>\n\n\n\n<p>16&nbsp;J\u2019ai encore d\u2019autres brebis, qui ne sont pas de cet enclos&nbsp;: celles-l\u00e0 aussi, il faut que je les conduise. Elles \u00e9couteront ma voix&nbsp;: il y aura un seul troupeau et un seul pasteur.<\/p>\n\n\n\n<p>17&nbsp;Voici pourquoi le P\u00e8re m\u2019aime&nbsp;: parce que je donne ma vie, pour la recevoir de nouveau.<\/p>\n\n\n\n<p>18&nbsp;Nul ne peut me l\u2019enlever&nbsp;: je la donne de moi-m\u00eame. J\u2019ai le pouvoir de la donner, j\u2019ai aussi le pouvoir de la recevoir de nouveau&nbsp;: voil\u00e0 le commandement que j\u2019ai re\u00e7u de mon P\u00e8re.&nbsp;\u00bb<\/p>\n\n\n\n<p>19&nbsp;De nouveau les Juifs se divis\u00e8rent \u00e0 cause de ces paroles.<\/p>\n\n\n\n<p>20&nbsp;Beaucoup d\u2019entre eux disaient&nbsp;: \u00ab&nbsp;Il a un d\u00e9mon, il d\u00e9lire. Pourquoi l\u2019\u00e9coutez-vous&nbsp;?&nbsp;\u00bb<\/p>\n\n\n\n<p>21&nbsp;D\u2019autres disaient&nbsp;: \u00ab&nbsp;Ces paroles ne sont pas celles d\u2019un poss\u00e9d\u00e9\u2026 Un d\u00e9mon pourrait-il ouvrir les yeux des aveugles&nbsp;?&nbsp;\u00bb<\/p>\n\n\n\n<p>22&nbsp;Alors arriva la f\u00eate de la d\u00e9dicace du Temple \u00e0 J\u00e9rusalem. C\u2019\u00e9tait l\u2019hiver.<\/p>\n\n\n\n<p>23&nbsp;J\u00e9sus allait et venait dans le Temple, sous la colonnade de Salomon.<\/p>\n\n\n\n<p>24&nbsp;Les Juifs firent cercle autour de lui&nbsp;; ils lui disaient&nbsp;: \u00ab&nbsp;Combien de temps vas-tu nous tenir en haleine&nbsp;? Si c\u2019est toi le Christ, dis-le nous ouvertement&nbsp;!&nbsp;\u00bb<\/p>\n\n\n\n<p>25&nbsp;J\u00e9sus leur r\u00e9pondit&nbsp;: \u00ab&nbsp;Je vous l\u2019ai dit, et vous ne croyez pas. Les \u0153uvres que je fais, moi, au nom de mon P\u00e8re, voil\u00e0 ce qui me rend t\u00e9moignage.<\/p>\n\n\n\n<p>26&nbsp;Mais vous, vous ne croyez pas, parce que vous n\u2019\u00eates pas de mes brebis.<\/p>\n\n\n\n<p>27&nbsp;Mes brebis \u00e9coutent ma voix&nbsp;; moi, je les connais, et elles me suivent.<\/p>\n\n\n\n<p>28&nbsp;Je leur donne la vie \u00e9ternelle&nbsp;: jamais elles ne p\u00e9riront, et personne ne les arrachera de ma main.<\/p>\n\n\n\n<p>29&nbsp;Mon P\u00e8re, qui me les a donn\u00e9es, est plus grand que tout, et personne ne peut les arracher de la main du P\u00e8re.<\/p>\n\n\n\n<p>30&nbsp;Le P\u00e8re et moi, nous sommes UN.&nbsp;\u00bb<\/p>\n\n\n\n<p>31&nbsp;De nouveau, des Juifs prirent des pierres pour lapider J\u00e9sus.<\/p>\n\n\n\n<p>32&nbsp;Celui-ci reprit la parole&nbsp;: \u00ab&nbsp;J\u2019ai multipli\u00e9 sous vos yeux les \u0153uvres bonnes qui viennent du P\u00e8re. Pour laquelle de ces \u0153uvres voulez-vous me lapider&nbsp;?&nbsp;\u00bb<\/p>\n\n\n\n<p>33&nbsp;Ils lui r\u00e9pondirent&nbsp;: \u00ab&nbsp;Ce n\u2019est pas pour une \u0153uvre bonne que nous voulons te lapider, mais c\u2019est pour un blasph\u00e8me&nbsp;: tu n\u2019es qu\u2019un homme, et tu te fais Dieu.&nbsp;\u00bb<\/p>\n\n\n\n<p>34&nbsp;J\u00e9sus leur r\u00e9pliqua&nbsp;: \u00ab&nbsp;N\u2019est-il pas \u00e9crit dans votre Loi&nbsp;: J\u2019ai dit&nbsp;: Vous \u00eates des dieux&nbsp;?<\/p>\n\n\n\n<p>35&nbsp;Elle les appelle donc des dieux, ceux \u00e0 qui la parole de Dieu s\u2019adressait, et l\u2019\u00c9criture ne peut pas \u00eatre abolie.<\/p>\n\n\n\n<p>36&nbsp;Or, celui que le P\u00e8re a consacr\u00e9 et envoy\u00e9 dans le monde, vous lui dites&nbsp;: \u201cTu blasph\u00e8mes\u201d, parce que j\u2019ai dit&nbsp;: \u201cJe suis le Fils de Dieu\u201d.<\/p>\n\n\n\n<p>37&nbsp;Si je ne fais pas les \u0153uvres de mon P\u00e8re, continuez \u00e0 ne pas me croire.<\/p>\n\n\n\n<p>38&nbsp;Mais si je les fais, m\u00eame si vous ne me croyez pas, croyez les \u0153uvres. Ainsi vous reconna\u00eetrez, et de plus en plus, que le P\u00e8re est en moi, et moi dans le P\u00e8re.&nbsp;\u00bb<\/p>\n\n\n\n<p>39&nbsp;Eux cherchaient de nouveau \u00e0 l\u2019arr\u00eater, mais il \u00e9chappa \u00e0 leurs mains.<\/p>\n\n\n\n<p>40&nbsp;Il repartit de l\u2019autre c\u00f4t\u00e9 du Jourdain, \u00e0 l\u2019endroit o\u00f9, au d\u00e9but, Jean baptisait&nbsp;; et il y demeura.<\/p>\n\n\n\n<p>41&nbsp;Beaucoup vinrent \u00e0 lui en d\u00e9clarant&nbsp;: \u00ab&nbsp;Jean n\u2019a pas accompli de signe&nbsp;; mais tout ce que Jean a dit de celui-ci \u00e9tait vrai.&nbsp;\u00bb<\/p>\n\n\n\n<p>42&nbsp;Et l\u00e0, beaucoup crurent en lui.<\/p>\n\n\n\n<p><strong>D\u00e9roul\u00e9 de la messe<\/strong><\/p>\n\n\n\n<figure class=\"wp-block-image\"><a href=\"https:\/\/drive.google.com\/file\/d\/1hBmrwDTMSwcXB2kGmCARMIGjw3qY1PRJ\/view?usp=drive_link\" target=\"_blank\" rel=\"noreferrer noopener\"><img loading=\"lazy\" decoding=\"async\" width=\"216\" height=\"300\" src=\"https:\/\/paroisse-stgermain.fr\/wp-content\/uploads\/2026\/04\/Messe20260426-216x300.jpg\" alt=\"\" class=\"wp-image-2928\" srcset=\"https:\/\/paroisse-stgermain.fr\/wp-content\/uploads\/2026\/04\/Messe20260426-216x300.jpg 216w, https:\/\/paroisse-stgermain.fr\/wp-content\/uploads\/2026\/04\/Messe20260426.jpg 426w\" sizes=\"auto, (max-width: 216px) 100vw, 216px\" \/><\/a><\/figure>\n","protected":false},"excerpt":{"rendered":"<p>4\u00e8me dimanche de P\u00e2ques \u2013 Ann\u00e9e A Dimanche 26 avril 2026 \u2013 11H00 Evangile de J\u00e9sus Christ selon Saint Jean (10, 1-10)\u00ab Je suis la porte des brebis \u00bb 01&nbsp;\u00ab&nbsp;Amen, amen, je vous le dis&nbsp;: celui qui entre dans l\u2019enclos des brebis sans passer par la porte, mais qui escalade par un autre endroit, celui-l\u00e0 est un voleur et un bandit. 02&nbsp;Celui qui entre par la porte, c\u2019est le pasteur, le berger des brebis. 03&nbsp;Le portier lui ouvre, et les brebis \u00e9coutent sa voix. Ses brebis \u00e0 lui, il les appelle chacune par son nom, et il les fait sortir&#8230;. <\/p>\n","protected":false},"author":5,"featured_media":2927,"comment_status":"closed","ping_status":"","sticky":false,"template":"","format":"standard","meta":{"footnotes":""},"categories":[5,3],"tags":[],"class_list":["post-2930","post","type-post","status-publish","format-standard","has-post-thumbnail","hentry","category-actualite","category-evenement"],"_links":{"self":[{"href":"https:\/\/paroisse-stgermain.fr\/index.php?rest_route=\/wp\/v2\/posts\/2930","targetHints":{"allow":["GET"]}}],"collection":[{"href":"https:\/\/paroisse-stgermain.fr\/index.php?rest_route=\/wp\/v2\/posts"}],"about":[{"href":"https:\/\/paroisse-stgermain.fr\/index.php?rest_route=\/wp\/v2\/types\/post"}],"author":[{"embeddable":true,"href":"https:\/\/paroisse-stgermain.fr\/index.php?rest_route=\/wp\/v2\/users\/5"}],"replies":[{"embeddable":true,"href":"https:\/\/paroisse-stgermain.fr\/index.php?rest_route=%2Fwp%2Fv2%2Fcomments&post=2930"}],"version-history":[{"count":1,"href":"https:\/\/paroisse-stgermain.fr\/index.php?rest_route=\/wp\/v2\/posts\/2930\/revisions"}],"predecessor-version":[{"id":2931,"href":"https:\/\/paroisse-stgermain.fr\/index.php?rest_route=\/wp\/v2\/posts\/2930\/revisions\/2931"}],"wp:featuredmedia":[{"embeddable":true,"href":"https:\/\/paroisse-stgermain.fr\/index.php?rest_route=\/wp\/v2\/media\/2927"}],"wp:attachment":[{"href":"https:\/\/paroisse-stgermain.fr\/index.php?rest_route=%2Fwp%2Fv2%2Fmedia&parent=2930"}],"wp:term":[{"taxonomy":"category","embeddable":true,"href":"https:\/\/paroisse-stgermain.fr\/index.php?rest_route=%2Fwp%2Fv2%2Fcategories&post=2930"},{"taxonomy":"post_tag","embeddable":true,"href":"https:\/\/paroisse-stgermain.fr\/index.php?rest_route=%2Fwp%2Fv2%2Ftags&post=2930"}],"curies":[{"name":"wp","href":"https:\/\/api.w.org\/{rel}","templated":true}]}}